{"id":92625,"date":"2024-02-22T13:22:42","date_gmt":"2024-02-22T10:22:42","guid":{"rendered":"http:\/\/shifthairtransplant.com\/?p=92625"},"modified":"2024-02-22T13:22:45","modified_gmt":"2024-02-22T10:22:45","slug":"micropigmentacion-capilar-para-la-alopecia-areata","status":"publish","type":"post","link":"https:\/\/shifthairtransplant.com\/es\/micropigmentacion-capilar-para-la-alopecia-areata\/","title":{"rendered":"Micropigmentaci\u00f3n Capilar para la Alopecia Areata"},"content":{"rendered":"\n<h1 class=\"wp-block-heading\">Micropigmentaci\u00f3n Capilar para la Alopecia Areata<\/h1>\n\n\n\n<h2 class=\"wp-block-heading\">Introducci\u00f3n de la Micropigmentaci\u00f3n Capilar y la Alopecia Areata<\/h2>\n\n\n\n<p>Micropigmentaci\u00f3n capilar para la alopecia areata: la alopecia areata es un trastorno autoinmune que provoca la ca\u00edda del cabello, a menudo en peque\u00f1as zonas redondas en el cuero cabelludo. Esta condici\u00f3n puede ser emocionalmente angustiosa y afectar la autoestima. Afortunadamente, existen varios tratamientos disponibles para controlar la alopecia areata y abordar la ca\u00edda del cabello. Una de esas soluciones innovadoras es la micropigmentaci\u00f3n del cuero cabelludo. En este art\u00edculo, exploraremos el mundo de la micropigmentaci\u00f3n capilar y c\u00f3mo puede cambiar las reglas del juego para quienes padecen alopecia areata.<\/p>\n\n\n\n<figure class=\"wp-block-image aligncenter size-full\"><img loading=\"lazy\" decoding=\"async\" width=\"300\" height=\"300\" src=\"http:\/\/shifthairtransplant.com\/wp-content\/uploads\/2024\/02\/La-alopecia-areata-es-un-trastorno-autoinmune-que-provoca-la-caida-del-cabello-a-menudo-en-pequenas-zonas-redondas-en-el-cuero-cabelludo.png\" alt=\"\" class=\"wp-image-92627\" title=\"\" srcset=\"https:\/\/shifthairtransplant.com\/wp-content\/uploads\/2024\/02\/La-alopecia-areata-es-un-trastorno-autoinmune-que-provoca-la-caida-del-cabello-a-menudo-en-pequenas-zonas-redondas-en-el-cuero-cabelludo.png 300w, https:\/\/shifthairtransplant.com\/wp-content\/uploads\/2024\/02\/La-alopecia-areata-es-un-trastorno-autoinmune-que-provoca-la-caida-del-cabello-a-menudo-en-pequenas-zonas-redondas-en-el-cuero-cabelludo-150x150.png 150w\" sizes=\"auto, (max-width: 300px) 100vw, 300px\" \/><figcaption class=\"wp-element-caption\">La alopecia areata es un trastorno autoinmune que provoca la ca\u00edda del cabello, a menudo en peque\u00f1as zonas redondas en el cuero cabelludo.<\/figcaption><\/figure>\n\n\n\n<h2 class=\"wp-block-heading\">Entendiendo la alopecia areata<\/h2>\n\n\n\n<h3 class=\"wp-block-heading\">\u00bfQu\u00e9 es la alopecia areata?<\/h3>\n\n\n\n<p>La alopecia areata es una enfermedad autoinmune que hace que el sistema inmunol\u00f3gico del cuerpo ataque los fol\u00edculos pilosos, provocando la ca\u00edda del cabello. Esta afecci\u00f3n puede afectar a personas de todas las edades y g\u00e9neros y puede provocar peque\u00f1as calvas del tama\u00f1o de una moneda en el cuero cabelludo.<\/p>\n\n\n\n<h3 class=\"wp-block-heading\">Impacto emocional<\/h3>\n\n\n\n<p>No se debe subestimar el impacto emocional de la alopecia areata. La ca\u00edda del cabello puede ser una fuente de angustia emocional importante que afecta la confianza en uno mismo y la calidad de vida.<\/p>\n\n\n\n<figure class=\"wp-block-image aligncenter size-full\"><img loading=\"lazy\" decoding=\"async\" width=\"300\" height=\"300\" src=\"http:\/\/shifthairtransplant.com\/wp-content\/uploads\/2024\/02\/Es-eficaz-para-la-Alopecia-Areata-de-barba.png\" alt=\"\" class=\"wp-image-92628\" title=\"\" srcset=\"https:\/\/shifthairtransplant.com\/wp-content\/uploads\/2024\/02\/Es-eficaz-para-la-Alopecia-Areata-de-barba.png 300w, https:\/\/shifthairtransplant.com\/wp-content\/uploads\/2024\/02\/Es-eficaz-para-la-Alopecia-Areata-de-barba-150x150.png 150w\" sizes=\"auto, (max-width: 300px) 100vw, 300px\" \/><figcaption class=\"wp-element-caption\">Es eficaz para la Alopecia Areata de barba.<\/figcaption><\/figure>\n\n\n\n<h2 class=\"wp-block-heading\">Micropigmentaci\u00f3n del cuero cabelludo: una soluci\u00f3n para la alopecia areata<\/h2>\n\n\n\n<h3 class=\"wp-block-heading\">\u00bfQu\u00e9 es la micropigmentaci\u00f3n capilar (micropigmentaci\u00f3n del cuero cabelludo)?<\/h3>\n\n\n\n<p>La micropigmentaci\u00f3n capilar es un procedimiento cosm\u00e9tico no invasivo que implica el uso de microagujas para depositar pigmento en la capa superior del cuero cabelludo. Esto crea la ilusi\u00f3n de peque\u00f1os fol\u00edculos pilosos, agregando la apariencia de densidad y cubriendo las zonas calvas.<\/p>\n\n\n\n<h3 class=\"wp-block-heading\">\u00bfC\u00f3mo funciona la micropigmentaci\u00f3n del cuero cabelludo en la alopecia areata?<\/h3>\n\n\n\n<p>Para las personas con alopecia areata, la micropigmentaci\u00f3n del cuero cabelludo es una soluci\u00f3n ideal, ya que puede camuflar las zonas calvas, creando la ilusi\u00f3n de una cabellera llena. El procedimiento generalmente se realiza en varias sesiones para lograr el aspecto deseado.<\/p>\n\n\n\n<h2 class=\"wp-block-heading\">Los beneficios de la micropigmentaci\u00f3n capilar para la alopecia areata<\/h2>\n\n\n\n<h3 class=\"wp-block-heading\">Resultados de apariencia natural<\/h3>\n\n\n\n<p>Una de las ventajas importantes de la micropigmentaci\u00f3n del cuero cabelludo es que proporciona resultados de aspecto incre\u00edblemente natural. El t\u00e9cnico cualificado puede hacer coincidir el color del pigmento con el de su cabello existente, garantizando una apariencia perfecta y aut\u00e9ntica.<\/p>\n\n\n\n<h3 class=\"wp-block-heading\">Bajo mantenimiento<\/h3>\n\n\n\n<p>La micropigmentaci\u00f3n del cuero cabelludo requiere un mantenimiento m\u00ednimo en comparaci\u00f3n con otros tratamientos antica\u00edda. No implica la aplicaci\u00f3n diaria de productos o medicamentos.<\/p>\n\n\n\n<h3 class=\"wp-block-heading\">Resultados Inmediatos<\/h3>\n\n\n\n<p>A diferencia de algunos tratamientos que pueden tardar meses en mostrar resultados, la Micropigmentaci\u00f3n Capilar ofrece resultados inmediatos. Despu\u00e9s de la sesi\u00f3n final, podr\u00e1 disfrutar inmediatamente de la apariencia de una cabellera m\u00e1s abundante.<\/p>\n\n\n\n<h3 class=\"wp-block-heading\">Aumento de la confianza en uno mismo<\/h3>\n\n\n\n<p>La micropigmentaci\u00f3n del cuero cabelludo puede aumentar significativamente la confianza en uno mismo al abordar los signos visibles de la alopecia areata. Muchas personas se sienten m\u00e1s seguras de s\u00ed mismas y menos cohibidas por la ca\u00edda del cabello despu\u00e9s del procedimiento.<\/p>\n\n\n\n<figure class=\"wp-block-image aligncenter size-full\"><img loading=\"lazy\" decoding=\"async\" width=\"300\" height=\"300\" src=\"http:\/\/shifthairtransplant.com\/wp-content\/uploads\/2024\/02\/La-micropigmentacion-del-cuero-cabelludo-tambien-se-puede-realizar-en-una-alopecia-areata-completa.png\" alt=\"\" class=\"wp-image-92629\" title=\"\" srcset=\"https:\/\/shifthairtransplant.com\/wp-content\/uploads\/2024\/02\/La-micropigmentacion-del-cuero-cabelludo-tambien-se-puede-realizar-en-una-alopecia-areata-completa.png 300w, https:\/\/shifthairtransplant.com\/wp-content\/uploads\/2024\/02\/La-micropigmentacion-del-cuero-cabelludo-tambien-se-puede-realizar-en-una-alopecia-areata-completa-150x150.png 150w\" sizes=\"auto, (max-width: 300px) 100vw, 300px\" \/><figcaption class=\"wp-element-caption\">La micropigmentaci\u00f3n del cuero cabelludo tambi\u00e9n se puede realizar en una alopecia areata completa.<\/figcaption><\/figure>\n\n\n\n<h2 class=\"wp-block-heading\">\u00bfEs la micropigmentaci\u00f3n del cuero cabelludo una soluci\u00f3n permanente para la alopecia areata?<\/h2>\n\n\n\n<h3 class=\"wp-block-heading\">Resultados duraderos<\/h3>\n\n\n\n<p>La Micropigmentaci\u00f3n Capilar se considera una soluci\u00f3n duradera para la alopecia areata. Sin embargo, mantener su apariencia puede requerir retoques peri\u00f3dicos a lo largo de los a\u00f1os.<\/p>\n\n\n\n<h3 class=\"wp-block-heading\">Versatilidad<\/h3>\n\n\n\n<p>La micropigmentaci\u00f3n del cuero cabelludo es vers\u00e1til y puede adaptarse para adaptarse a sus preferencias cambiantes. Si decides cambiar la l\u00ednea del cabello u optar por un estilo diferente, puedes ajustarlo en consecuencia.<\/p>\n\n\n\n<h2 class=\"wp-block-heading\">Conclusi\u00f3n<\/h2>\n\n\n\n<p>En la batalla contra la alopecia areata, la Micropigmentaci\u00f3n Capilar surge como un aliado formidable. Este procedimiento no invasivo y de bajo mantenimiento brinda a las personas resultados inmediatos y de apariencia natural, lo que aumenta significativamente la confianza en s\u00ed mismos y ayuda a abordar el impacto emocional de la ca\u00edda del cabello. Si bien no es del todo permanente, la micropigmentaci\u00f3n del cuero cabelludo ofrece resultados duraderos, lo que la convierte en una opci\u00f3n valiosa para quienes padecen alopecia areata.<\/p>\n","protected":false},"excerpt":{"rendered":"<p>Micropigmentaci\u00f3n Capilar para la Alopecia Areata Introducci\u00f3n de la Micropigmentaci\u00f3n Capilar y la Alopecia Areata Micropigmentaci\u00f3n capilar para la alopecia areata: la alopecia areata es un trastorno autoinmune que provoca la ca\u00edda del cabello, a menudo en peque\u00f1as zonas redondas en el cuero cabelludo. Esta condici\u00f3n puede ser emocionalmente angustiosa y afectar la autoestima. Afortunadamente,&#8230;<\/p>\n","protected":false},"author":1,"featured_media":92626,"comment_status":"closed","ping_status":"closed","sticky":false,"template":"","format":"standard","meta":{"_kad_blocks_custom_css":"","_kad_blocks_head_custom_js":"","_kad_blocks_body_custom_js":"","_kad_blocks_footer_custom_js":"","_kad_post_transparent":"","_kad_post_title":"","_kad_post_layout":"","_kad_post_sidebar_id":"","_kad_post_content_style":"","_kad_post_vertical_padding":"","_kad_post_feature":"","_kad_post_feature_position":"","_kad_post_header":false,"_kad_post_footer":false,"_kad_post_classname":"","footnotes":""},"categories":[23374],"tags":[23375],"class_list":["post-92625","post","type-post","status-publish","format-standard","has-post-thumbnail","hentry","category-micropigmentacion","tag-micropigmentacion"],"taxonomy_info":{"category":[{"value":23374,"label":"Micropigmentaci\u00f3n"}],"post_tag":[{"value":23375,"label":"Micropigmentaci\u00f3n"}]},"featured_image_src_large":["https:\/\/shifthairtransplant.com\/wp-content\/uploads\/2024\/02\/Micropigmentacion-Capilar-para-la-Alopecia-Areata-1024x536.png",1024,536,true],"author_info":{"display_name":"SHIFT","author_link":"https:\/\/shifthairtransplant.com\/es\/author\/ghaisitto\/"},"comment_info":0,"category_info":[{"term_id":23374,"name":"Micropigmentaci\u00f3n","slug":"micropigmentacion","term_group":0,"term_taxonomy_id":23375,"taxonomy":"category","description":"","parent":0,"count":4,"filter":"raw","cat_ID":23374,"category_count":4,"category_description":"","cat_name":"Micropigmentaci\u00f3n","category_nicename":"micropigmentacion","category_parent":0}],"tag_info":[{"term_id":23375,"name":"Micropigmentaci\u00f3n","slug":"micropigmentacion","term_group":0,"term_taxonomy_id":23376,"taxonomy":"post_tag","description":"","parent":0,"count":4,"filter":"raw"}],"_links":{"self":[{"href":"https:\/\/shifthairtransplant.com\/es\/wp-json\/wp\/v2\/posts\/92625","targetHints":{"allow":["GET"]}}],"collection":[{"href":"https:\/\/shifthairtransplant.com\/es\/wp-json\/wp\/v2\/posts"}],"about":[{"href":"https:\/\/shifthairtransplant.com\/es\/wp-json\/wp\/v2\/types\/post"}],"author":[{"embeddable":true,"href":"https:\/\/shifthairtransplant.com\/es\/wp-json\/wp\/v2\/users\/1"}],"replies":[{"embeddable":true,"href":"https:\/\/shifthairtransplant.com\/es\/wp-json\/wp\/v2\/comments?post=92625"}],"version-history":[{"count":0,"href":"https:\/\/shifthairtransplant.com\/es\/wp-json\/wp\/v2\/posts\/92625\/revisions"}],"wp:featuredmedia":[{"embeddable":true,"href":"https:\/\/shifthairtransplant.com\/es\/wp-json\/wp\/v2\/media\/92626"}],"wp:attachment":[{"href":"https:\/\/shifthairtransplant.com\/es\/wp-json\/wp\/v2\/media?parent=92625"}],"wp:term":[{"taxonomy":"category","embeddable":true,"href":"https:\/\/shifthairtransplant.com\/es\/wp-json\/wp\/v2\/categories?post=92625"},{"taxonomy":"post_tag","embeddable":true,"href":"https:\/\/shifthairtransplant.com\/es\/wp-json\/wp\/v2\/tags?post=92625"}],"curies":[{"name":"wp","href":"https:\/\/api.w.org\/{rel}","templated":true}]}}