{"id":92655,"date":"2024-02-25T09:54:56","date_gmt":"2024-02-25T06:54:56","guid":{"rendered":"http:\/\/shifthairtransplant.com\/?p=92655"},"modified":"2024-02-25T09:54:58","modified_gmt":"2024-02-25T06:54:58","slug":"micropigmentacao-capilar-para-alopecia-areata","status":"publish","type":"post","link":"https:\/\/shifthairtransplant.com\/pt-br\/micropigmentacao-capilar-para-alopecia-areata\/","title":{"rendered":"Micropigmentac\u0327a\u0303o Capilar para Alopecia Areata"},"content":{"rendered":"\n<h2 class=\"wp-block-heading\">Introdu\u00e7\u00e3o da Micropigmenta\u00e7\u00e3o Capilar e Alopecia Areata<\/h2>\n\n\n\n<p>Micropigmenta\u00e7\u00e3o capilar para Alopecia Areata \u2013 A alopecia areata \u00e9 uma doen\u00e7a autoimune que resulta em queda de cabelo, geralmente em pequenas manchas redondas no couro cabeludo. Essa condi\u00e7\u00e3o pode ser emocionalmente angustiante e afetar a autoestima. Felizmente, existem v\u00e1rios tratamentos dispon\u00edveis para controlar a alopecia areata e tratar a queda de cabelo. Uma dessas solu\u00e7\u00f5es inovadoras \u00e9 a micropigmenta\u00e7\u00e3o do couro cabeludo. Neste artigo, exploraremos o mundo da Micropigmenta\u00e7\u00e3o Capilar e como ela pode ser uma virada de jogo para quem lida com alopecia areata.<\/p>\n\n\n\n<figure class=\"wp-block-image aligncenter size-full\"><img loading=\"lazy\" decoding=\"async\" width=\"300\" height=\"300\" src=\"http:\/\/shifthairtransplant.com\/wp-content\/uploads\/2024\/02\/A-alopecia-areata-e-uma-doenca-autoimune-que-resulta-na-queda-de-cabelo-geralmente-em-pequenas-manchas-redondas-no-couro-cabeludo.png\" alt=\"\" class=\"wp-image-92657\" title=\"\" srcset=\"https:\/\/shifthairtransplant.com\/wp-content\/uploads\/2024\/02\/A-alopecia-areata-e-uma-doenca-autoimune-que-resulta-na-queda-de-cabelo-geralmente-em-pequenas-manchas-redondas-no-couro-cabeludo.png 300w, https:\/\/shifthairtransplant.com\/wp-content\/uploads\/2024\/02\/A-alopecia-areata-e-uma-doenca-autoimune-que-resulta-na-queda-de-cabelo-geralmente-em-pequenas-manchas-redondas-no-couro-cabeludo-150x150.png 150w\" sizes=\"auto, (max-width: 300px) 100vw, 300px\" \/><figcaption class=\"wp-element-caption\">A alopecia areata \u00e9 uma doen\u00e7a autoimune que resulta na queda de cabelo, geralmente em pequenas manchas redondas no couro cabeludo.<\/figcaption><\/figure>\n\n\n\n<h2 class=\"wp-block-heading\">Compreendendo a Alopecia Areata<\/h2>\n\n\n\n<h3 class=\"wp-block-heading\">O que \u00e9 Alopecia Areata?<\/h3>\n\n\n\n<p>A alopecia areata \u00e9 uma doen\u00e7a auto-imune que faz com que o sistema imunol\u00f3gico do corpo ataque os fol\u00edculos capilares, levando \u00e0 queda de cabelo. Esta condi\u00e7\u00e3o pode afetar indiv\u00edduos de todas as idades e sexos e pode resultar em pequenas manchas calvas do tamanho de uma moeda no couro cabeludo.<\/p>\n\n\n\n<h3 class=\"wp-block-heading\">Impacto emocional<\/h3>\n\n\n\n<p>O impacto emocional da alopecia areata n\u00e3o deve ser subestimado. A perda de cabelo pode ser uma fonte de sofrimento emocional significativo, afetando a autoconfian\u00e7a e a qualidade de vida.<\/p>\n\n\n\n<figure class=\"wp-block-image aligncenter size-full is-resized\"><img loading=\"lazy\" decoding=\"async\" width=\"300\" height=\"300\" src=\"http:\/\/shifthairtransplant.com\/wp-content\/uploads\/2024\/02\/E-eficaz-para-barba-Alopecia-Areata.png\" alt=\"\" class=\"wp-image-92660\" style=\"width:300px;height:auto\" title=\"\" srcset=\"https:\/\/shifthairtransplant.com\/wp-content\/uploads\/2024\/02\/E-eficaz-para-barba-Alopecia-Areata.png 300w, https:\/\/shifthairtransplant.com\/wp-content\/uploads\/2024\/02\/E-eficaz-para-barba-Alopecia-Areata-150x150.png 150w\" sizes=\"auto, (max-width: 300px) 100vw, 300px\" \/><figcaption class=\"wp-element-caption\">\u00c9 eficaz para barba Alopecia Areata.<\/figcaption><\/figure>\n\n\n\n<h2 class=\"wp-block-heading\">Micropigmenta\u00e7\u00e3o do couro cabeludo: uma solu\u00e7\u00e3o para alopecia areata<\/h2>\n\n\n\n<h3 class=\"wp-block-heading\">O que \u00e9 Micropigmenta\u00e7\u00e3o Capilar (Micropigmenta\u00e7\u00e3o Capilar)?<\/h3>\n\n\n\n<p>A Micropigmenta\u00e7\u00e3o Capilar \u00e9 um procedimento cosm\u00e9tico n\u00e3o invasivo que envolve o uso de microagulhas para depositar pigmento na camada superior do couro cabeludo. Isso cria a ilus\u00e3o de pequenos fol\u00edculos capilares, adicionando densidade e cobrindo \u00e1reas calvas.<\/p>\n\n\n\n<h3 class=\"wp-block-heading\">Como funciona a micropigmenta\u00e7\u00e3o do couro cabeludo para alopecia areata?<\/h3>\n\n\n\n<p>Para indiv\u00edduos com alopecia areata, a Micropigmenta\u00e7\u00e3o do Couro Cabeludo \u00e9 a solu\u00e7\u00e3o ideal, pois pode camuflar \u00e1reas calvas, criando a ilus\u00e3o de uma cabe\u00e7a cheia de cabelo. O procedimento normalmente \u00e9 realizado em v\u00e1rias sess\u00f5es para obter a apar\u00eancia desejada.<\/p>\n\n\n\n<h2 class=\"wp-block-heading\">Os benef\u00edcios da micropigmenta\u00e7\u00e3o capilar para alopecia areata<\/h2>\n\n\n\n<h3 class=\"wp-block-heading\">Resultados de apar\u00eancia natural<\/h3>\n\n\n\n<p>Uma das vantagens significativas da Micropigmenta\u00e7\u00e3o do Couro Cabeludo \u00e9 que ela proporciona resultados de apar\u00eancia incrivelmente natural. O t\u00e9cnico qualificado pode combinar a cor do pigmento com o cabelo existente, garantindo uma apar\u00eancia aut\u00eantica e perfeita.<\/p>\n\n\n\n<h3 class=\"wp-block-heading\">Baixa manuten\u00e7\u00e3o<\/h3>\n\n\n\n<p>A micropigmenta\u00e7\u00e3o do couro cabeludo requer manuten\u00e7\u00e3o m\u00ednima em compara\u00e7\u00e3o com outros tratamentos para queda de cabelo. N\u00e3o envolve a aplica\u00e7\u00e3o di\u00e1ria de produtos ou medicamentos.<\/p>\n\n\n\n<h3 class=\"wp-block-heading\">Resultados imediatos<\/h3>\n\n\n\n<p>Ao contr\u00e1rio de alguns tratamentos que podem levar meses para mostrar resultados, a Micropigmenta\u00e7\u00e3o Capilar oferece resultados imediatos. Ap\u00f3s a sess\u00e3o final, voc\u00ea poder\u00e1 desfrutar imediatamente da apar\u00eancia de um cabelo mais cheio.<\/p>\n\n\n\n<h3 class=\"wp-block-heading\">Aumente a autoconfian\u00e7a<\/h3>\n\n\n\n<p>A micropigmenta\u00e7\u00e3o do couro cabeludo pode aumentar significativamente a autoconfian\u00e7a, abordando os sinais vis\u00edveis da alopecia areata. Muitas pessoas se sentem mais seguras e menos constrangidas com a queda de cabelo ap\u00f3s o procedimento.<\/p>\n\n\n\n<figure class=\"wp-block-image aligncenter size-full\"><img loading=\"lazy\" decoding=\"async\" width=\"300\" height=\"300\" src=\"http:\/\/shifthairtransplant.com\/wp-content\/uploads\/2024\/02\/A-micropigmentacao-do-couro-cabeludo-tambem-pode-ser-feita-para-uma-Alopecia-Areata-completa.png\" alt=\"\" class=\"wp-image-92659\" title=\"\" srcset=\"https:\/\/shifthairtransplant.com\/wp-content\/uploads\/2024\/02\/A-micropigmentacao-do-couro-cabeludo-tambem-pode-ser-feita-para-uma-Alopecia-Areata-completa.png 300w, https:\/\/shifthairtransplant.com\/wp-content\/uploads\/2024\/02\/A-micropigmentacao-do-couro-cabeludo-tambem-pode-ser-feita-para-uma-Alopecia-Areata-completa-150x150.png 150w\" sizes=\"auto, (max-width: 300px) 100vw, 300px\" \/><figcaption class=\"wp-element-caption\">A micropigmenta\u00e7\u00e3o do couro cabeludo tamb\u00e9m pode ser feita para uma Alopecia Areata completa.<\/figcaption><\/figure>\n\n\n\n<h2 class=\"wp-block-heading\">A micropigmenta\u00e7\u00e3o do couro cabeludo \u00e9 uma solu\u00e7\u00e3o permanente para a alopecia areata?<\/h2>\n\n\n\n<h3 class=\"wp-block-heading\">Resultados duradouros<\/h3>\n\n\n\n<p>A Micropigmenta\u00e7\u00e3o Capilar \u00e9 considerada uma solu\u00e7\u00e3o duradoura para a alopecia areata. No entanto, manter a sua apar\u00eancia pode exigir retoques peri\u00f3dicos ao longo dos anos.<\/p>\n\n\n\n<h3 class=\"wp-block-heading\">Versatilidade<\/h3>\n\n\n\n<p>A micropigmenta\u00e7\u00e3o do couro cabeludo \u00e9 vers\u00e1til e pode ser adaptada para atender \u00e0s suas prefer\u00eancias em constante mudan\u00e7a. Se voc\u00ea decidir mudar a linha do cabelo ou optar por um estilo diferente, ela pode ser ajustada de acordo.<\/p>\n\n\n\n<h2 class=\"wp-block-heading\">Conclus\u00e3o<\/h2>\n\n\n\n<p>Na batalha contra a alopecia areata, a Micropigmenta\u00e7\u00e3o Capilar surge como uma formid\u00e1vel aliada. Este procedimento n\u00e3o invasivo e de baixa manuten\u00e7\u00e3o proporciona aos indiv\u00edduos resultados imediatos e de apar\u00eancia natural, aumentando significativamente a autoconfian\u00e7a e ajudando a lidar com o impacto emocional da queda de cabelo. Embora n\u00e3o seja totalmente permanente, a Micropigmenta\u00e7\u00e3o do Couro Cabeludo oferece resultados duradouros, tornando-se uma op\u00e7\u00e3o valiosa para quem sofre de alopecia areata.Understanding Alopecia Areata<\/p>\n","protected":false},"excerpt":{"rendered":"<p>Introdu\u00e7\u00e3o da Micropigmenta\u00e7\u00e3o Capilar e Alopecia Areata Micropigmenta\u00e7\u00e3o capilar para Alopecia Areata \u2013 A alopecia areata \u00e9 uma doen\u00e7a autoimune que resulta em queda de cabelo, geralmente em pequenas manchas redondas no couro cabeludo. Essa condi\u00e7\u00e3o pode ser emocionalmente angustiante e afetar a autoestima. Felizmente, existem v\u00e1rios tratamentos dispon\u00edveis para controlar a alopecia areata e&#8230;<\/p>\n","protected":false},"author":1,"featured_media":92656,"comment_status":"closed","ping_status":"closed","sticky":false,"template":"","format":"standard","meta":{"_kad_blocks_custom_css":"","_kad_blocks_head_custom_js":"","_kad_blocks_body_custom_js":"","_kad_blocks_footer_custom_js":"","_kad_post_transparent":"","_kad_post_title":"","_kad_post_layout":"","_kad_post_sidebar_id":"","_kad_post_content_style":"","_kad_post_vertical_padding":"","_kad_post_feature":"","_kad_post_feature_position":"","_kad_post_header":false,"_kad_post_footer":false,"_kad_post_classname":"","footnotes":""},"categories":[23376],"tags":[23377],"class_list":["post-92655","post","type-post","status-publish","format-standard","has-post-thumbnail","hentry","category-micropigmentacao","tag-micropigmentacao"],"taxonomy_info":{"category":[{"value":23376,"label":"Micropigmenta\u00e7\u00e3o"}],"post_tag":[{"value":23377,"label":"Micropigmenta\u00e7\u00e3o"}]},"featured_image_src_large":["https:\/\/shifthairtransplant.com\/wp-content\/uploads\/2024\/02\/Micropigmentacao-Capilar-para-Alopecia-Areata-1024x536.png",1024,536,true],"author_info":{"display_name":"SHIFT","author_link":"https:\/\/shifthairtransplant.com\/pt-br\/author\/ghaisitto\/"},"comment_info":0,"category_info":[{"term_id":23376,"name":"Micropigmenta\u00e7\u00e3o","slug":"micropigmentacao","term_group":0,"term_taxonomy_id":23377,"taxonomy":"category","description":"","parent":0,"count":4,"filter":"raw","cat_ID":23376,"category_count":4,"category_description":"","cat_name":"Micropigmenta\u00e7\u00e3o","category_nicename":"micropigmentacao","category_parent":0}],"tag_info":[{"term_id":23377,"name":"Micropigmenta\u00e7\u00e3o","slug":"micropigmentacao","term_group":0,"term_taxonomy_id":23378,"taxonomy":"post_tag","description":"","parent":0,"count":4,"filter":"raw"}],"_links":{"self":[{"href":"https:\/\/shifthairtransplant.com\/pt-br\/wp-json\/wp\/v2\/posts\/92655","targetHints":{"allow":["GET"]}}],"collection":[{"href":"https:\/\/shifthairtransplant.com\/pt-br\/wp-json\/wp\/v2\/posts"}],"about":[{"href":"https:\/\/shifthairtransplant.com\/pt-br\/wp-json\/wp\/v2\/types\/post"}],"author":[{"embeddable":true,"href":"https:\/\/shifthairtransplant.com\/pt-br\/wp-json\/wp\/v2\/users\/1"}],"replies":[{"embeddable":true,"href":"https:\/\/shifthairtransplant.com\/pt-br\/wp-json\/wp\/v2\/comments?post=92655"}],"version-history":[{"count":0,"href":"https:\/\/shifthairtransplant.com\/pt-br\/wp-json\/wp\/v2\/posts\/92655\/revisions"}],"wp:featuredmedia":[{"embeddable":true,"href":"https:\/\/shifthairtransplant.com\/pt-br\/wp-json\/wp\/v2\/media\/92656"}],"wp:attachment":[{"href":"https:\/\/shifthairtransplant.com\/pt-br\/wp-json\/wp\/v2\/media?parent=92655"}],"wp:term":[{"taxonomy":"category","embeddable":true,"href":"https:\/\/shifthairtransplant.com\/pt-br\/wp-json\/wp\/v2\/categories?post=92655"},{"taxonomy":"post_tag","embeddable":true,"href":"https:\/\/shifthairtransplant.com\/pt-br\/wp-json\/wp\/v2\/tags?post=92655"}],"curies":[{"name":"wp","href":"https:\/\/api.w.org\/{rel}","templated":true}]}}